{"id":1733,"date":"2013-10-16T10:45:51","date_gmt":"2013-10-16T08:45:51","guid":{"rendered":"http:\/\/www.bvvb.org\/wp\/?p=1733"},"modified":"2013-10-16T22:23:14","modified_gmt":"2013-10-16T20:23:14","slug":"plan-transports-ile-de-france-deception-en-essonne","status":"publish","type":"post","link":"https:\/\/www.bvvb.org\/wp\/2013\/10\/16\/plan-transports-ile-de-france-deception-en-essonne\/","title":{"rendered":"Plan Transports Ile de France &#8211; D\u00e9ception en Essonne"},"content":{"rendered":"<p style=\"text-align: left;\"><a href=\"http:\/\/www.bvvb.org\/wp\/wp-content\/uploads\/2013\/10\/grand_paris_essonne_oubli\u00e9e.jpg\"><img decoding=\"async\" class=\"aligncenter  wp-image-1734\" alt=\"grand_paris_essonne_oubli\u00e9e\" src=\"http:\/\/www.bvvb.org\/wp\/wp-content\/uploads\/2013\/10\/grand_paris_essonne_oubli\u00e9e.jpg\" width=\"510\" height=\"266\" srcset=\"https:\/\/www.bvvb.org\/wp\/wp-content\/uploads\/2013\/10\/grand_paris_essonne_oubli\u00e9e.jpg 966w, https:\/\/www.bvvb.org\/wp\/wp-content\/uploads\/2013\/10\/grand_paris_essonne_oubli\u00e9e-300x156.jpg 300w, https:\/\/www.bvvb.org\/wp\/wp-content\/uploads\/2013\/10\/grand_paris_essonne_oubli\u00e9e-900x470.jpg 900w\" sizes=\"(max-width: 510px) 100vw, 510px\" \/><\/a>Nous ne sommes pas les seuls \u00e0 \u00eatre d\u00e9\u00e7us du plan transport annonc\u00e9 dans le cadre du Sch\u00e9ma Directeur Ile de France et son fameux Grand Paris, dont manifestement l&#8217;Essonne ne fait pas partie.<\/p>\n<p style=\"text-align: left;\">Dans un dossier de l&#8217;Express consacr\u00e9 \u00e0 Massy &#8211; Palaiseau dans 10 ans, dont on peut lire un extrait relatif aux transports <a href=\"http:\/\/www.bvvb.org\/wp\/wp-content\/uploads\/2013\/10\/transport_massy_palaiseeau_express_2013_08.pdf\" target=\"_blank\">ici<\/a>, on peut lire :<\/p>\n<blockquote>\n<p><em>En mars dernier, le Premier ministre, Jean-Marc Ayrault,\u00a0pr\u00e9sentait un ambitieux plan de transports pour I&#8217;Ile-de-France, h\u00e9rit\u00e9 des projets con\u00e7us par la r\u00e9gion et l&#8217;Etat\u00a0sous le gouvernement Sarkozy. D&#8217;ici \u00e0 2030, 26,5 milliards d&#8217;euros seront investis pour construire quatre lignes\u00a0du Grand Paris Express et am\u00e9liorer le r\u00e9seau existant. Dans I&#8217;Essonne, pourtant, les annonces de Matignon ont \u00e9t\u00e9 accueillies assez fra\u00eechement.<\/em><\/p>\n<\/blockquote>\n<p>Au sujet de la ligne 18 :<\/p>\n<p style=\"text-align: center;\"><a href=\"http:\/\/www.bvvb.org\/wp\/wp-content\/uploads\/2013\/10\/ligne_18.jpg\"><img decoding=\"async\" class=\"aligncenter  wp-image-1738\" alt=\"ligne_18\" src=\"http:\/\/www.bvvb.org\/wp\/wp-content\/uploads\/2013\/10\/ligne_18.jpg\" width=\"546\" height=\"235\" srcset=\"https:\/\/www.bvvb.org\/wp\/wp-content\/uploads\/2013\/10\/ligne_18.jpg 910w, https:\/\/www.bvvb.org\/wp\/wp-content\/uploads\/2013\/10\/ligne_18-300x129.jpg 300w, https:\/\/www.bvvb.org\/wp\/wp-content\/uploads\/2013\/10\/ligne_18-900x387.jpg 900w\" sizes=\"(max-width: 546px) 100vw, 546px\" \/><\/a><\/p>\n<p style=\"text-align: left;\">Ainsi le premier tron\u00e7on de la ligne 18 entre Massy et le CEA de Saint -Aubin sera mis en service en 2023 .<\/p>\n<p style=\"text-align: left;\">La ligne compl\u00e8te entre l&#8217;a\u00e9roport d&#8217;Orly et Versailles Chantier sera achev\u00e9e en 2030.<\/p>\n<p style=\"text-align: left;\">A peu pr\u00e8s dans la m\u00eames d\u00e9lais que notre pauvre hypoth\u00e9tique TCSP Massy &#8211; Arpajon (voir notre article <strong><span style=\"color: #008000;\"><a href=\"http:\/\/www.bvvb.org\/wp\/2011\/11\/21\/think-different-changez-votre-facon-de-penser\/\" target=\"_blank\"><span style=\"color: #008000;\">Think different<\/span><\/a><\/span><\/strong> ).<\/p>\n<p style=\"text-align: left;\">Or \u00e0 Palaiseau comme \u00e0 Massy sont lanc\u00e9s d&#8217;ambitieux plans d&#8217;urbanisation en vue du fameux futur centre scientifique et \u00e9conomique Paris &#8211; Saclay.<\/p>\n<p style=\"text-align: left;\">Une premi\u00e8re tranche est pr\u00e9vue avec le projet Camille Claudel, un \u00e9coquartier de 2000 logements o\u00f9 sont attendus 4000 habitants d&#8217;ici 2015.<\/p>\n<p style=\"text-align: left;\">A Massy, le futur quartier Atlantis pr\u00e9voit d&#8217;accueillir 10000 habitants d&#8217;ici 10 ans.<\/p>\n<p style=\"text-align: left;\">Et les transports ?<\/p>\n<p style=\"text-align: left;\">Alors que les voies de circulations sont satur\u00e9es, \u00a0on compte beaucoup sur ces nouveaux transports en commun qui arriveront &#8230; plus tard .<\/p>\n<blockquote>\n<p style=\"text-align: left;\"><em>Chez les \u00e9lus des communes concern\u00e9es,\u00a0les signes d&#8217;impatience se multiplient.<\/em><\/p>\n<p style=\"text-align: left;\"><em>&#8221;\u00a0Je fais partie des d\u00e9\u00e7us, reconna\u00eet\u00a0Vincent Delahaye, maire (UDI) de\u00a0Massy. Pas \u00e0cause du trac\u00e9,mais \u00e0 cause\u00a0des d\u00e9lais. Nous construisons beaucoup\u00a0de logements, mais les infrastructures\u00a0de transport ne suivent pas. La r\u00e9ussite\u00a0de nos projets urbains \u00e0 Atlantis et \u00e0\u00a0Op\u00e9ra (voir pages X et XII) d\u00e9pend\u00a0pourtant de la desserte de ces deux quartiers\u00a0par le m\u00e9tro automatique ! Nous\u00a0aurons du mal \u00e0 expliquer aux nouveaux\u00a0arrivants qu&#8217;ils devront encore attendre\u00a0dix ans pour en b\u00e9n\u00e9ficier&#8230;\u00a0<\/em><\/p>\n<\/blockquote>\n<p style=\"text-align: left;\">Les transport, c&#8217;est bien le point noir en Ile de France . les transports en communs sont tous con\u00e7us pour converger vers Paris.<\/p>\n<p style=\"text-align: left;\">Mais de Banlieue \u00e0 Banlieue, c&#8217;est la gal\u00e8re. \u00a0Depuis Massy il faut 50 minutes pour relier Nanterre, et quarante-cinq minutes pour rejoindre la gare de Saint Quentin en Yvelines pourtant distantes respectivement de seulement 30 et 22 km.<\/p>\n<p style=\"text-align: left;\">Et on nous parle de coh\u00e9rence territoriale ???<\/p>\n<p style=\"text-align: left;\">Dans l&#8217;Essonne, il faudra se contenter du tram-train &#8220;9-1&#8221; qui en 2018 devrait ramener \u00e0 38 minutes le trajets entre Massy et Evry, qui est aujourd&#8217;hui de pr\u00e8s d&#8217;1 heure. (et encore, lorsqu&#8217;il n&#8217;y a pas d&#8217;incidents). En 2020 la liaison sera prolong\u00e9e jusqu&#8217;\u00e0 Versailles.<\/p>\n<p style=\"text-align: center;\"><a href=\"http:\/\/www.bvvb.org\/wp\/wp-content\/uploads\/2013\/10\/carte_region_LVDB-copie.jpg\"><img decoding=\"async\" class=\"aligncenter  wp-image-1741\" alt=\"carte_region_LVDB copie\" src=\"http:\/\/www.bvvb.org\/wp\/wp-content\/uploads\/2013\/10\/carte_region_LVDB-copie.jpg\" width=\"423\" height=\"385\" srcset=\"https:\/\/www.bvvb.org\/wp\/wp-content\/uploads\/2013\/10\/carte_region_LVDB-copie.jpg 541w, https:\/\/www.bvvb.org\/wp\/wp-content\/uploads\/2013\/10\/carte_region_LVDB-copie-300x273.jpg 300w\" sizes=\"(max-width: 423px) 100vw, 423px\" \/><\/a><\/p>\n<p style=\"text-align: left;\">Et notre commune, ainsi que \u00a0les communes limitrophes de la RN20, est loin de tous ces beaux projets&#8230;<\/p>\n<p>&nbsp;<\/p>\n<p><a href=\"http:\/\/www.bvvb.org\/wp\/wp-content\/uploads\/2013\/10\/Fotolia_33582196_XS.jpg\"><img decoding=\"async\" class=\"alignleft\" alt=\"Teamwork Business Company\" src=\"http:\/\/www.bvvb.org\/wp\/wp-content\/uploads\/2013\/10\/Fotolia_33582196_XS.jpg\" width=\"164\" height=\"128\" \/><\/a><\/p>\n<p class=\"wp-caption-dd\"><span style=\"color: #333333;\">Vous appr\u00e9ciez nos actions ?<\/span><\/p>\n<p class=\"wp-caption-dd\"><span style=\"color: #333333;\">Vous vous sentez concern\u00e9 par notre cadre de vie \u00e0 tous ?<\/span><\/p>\n<p class=\"wp-caption-dd\"><span style=\"color: #333333;\"><strong>Pour 6 Euros par foyer et par an, soutenez- nous !\u00a0<\/strong><\/span><\/p>\n<p style=\"text-align: center;\"><a href=\"http:\/\/www.bvvb.org\/wp\/wp-content\/uploads\/2013\/10\/bulletin_adhesion2.jpg\"><img decoding=\"async\" class=\"aligncenter\" alt=\"bulletin_adhesion\" src=\"http:\/\/www.bvvb.org\/wp\/wp-content\/uploads\/2013\/10\/bulletin_adhesion2.jpg\" width=\"565\" height=\"225\" \/><\/a><\/p>\n<p style=\"text-align: left;\"><a href=\"http:\/\/www.bvvb.org\/wp\/wp-content\/uploads\/2013\/10\/Fotolia_33582196_XS.jpg\">\u00a0<\/a><\/p>\n","protected":false},"excerpt":{"rendered":"<p>Nous ne sommes pas les seuls \u00e0 \u00eatre d\u00e9\u00e7us du plan transport annonc\u00e9 dans le cadre du Sch\u00e9ma Directeur Ile de France et son fameux Grand Paris, dont manifestement l&#8217;Essonne ne fait pas partie. Dans un dossier de l&#8217;Express consacr\u00e9 \u00e0 Massy &#8211; Palaiseau dans 10 ans, dont on peut lire un extrait relatif aux [&hellip;]<\/p>\n","protected":false},"author":6,"featured_media":0,"comment_status":"open","ping_status":"open","sticky":false,"template":"","format":"standard","meta":{"jetpack_post_was_ever_published":false,"_jetpack_newsletter_access":"","_jetpack_dont_email_post_to_subs":false,"_jetpack_newsletter_tier_id":0,"_jetpack_memberships_contains_paywalled_content":false,"_jetpack_memberships_contains_paid_content":false,"footnotes":"","jetpack_publicize_message":"","jetpack_publicize_feature_enabled":true,"jetpack_social_post_already_shared":false,"jetpack_social_options":{"image_generator_settings":{"template":"highway","default_image_id":0,"font":"","enabled":false},"version":2}},"categories":[17],"tags":[],"class_list":["post-1733","post","type-post","status-publish","format-standard","hentry","category-ca-nous-concerne"],"jetpack_publicize_connections":[],"jetpack_featured_media_url":"","jetpack_shortlink":"https:\/\/wp.me\/p4CAay-rX","jetpack_sharing_enabled":true,"post_mailing_queue_ids":[],"_links":{"self":[{"href":"https:\/\/www.bvvb.org\/wp\/wp-json\/wp\/v2\/posts\/1733","targetHints":{"allow":["GET"]}}],"collection":[{"href":"https:\/\/www.bvvb.org\/wp\/wp-json\/wp\/v2\/posts"}],"about":[{"href":"https:\/\/www.bvvb.org\/wp\/wp-json\/wp\/v2\/types\/post"}],"author":[{"embeddable":true,"href":"https:\/\/www.bvvb.org\/wp\/wp-json\/wp\/v2\/users\/6"}],"replies":[{"embeddable":true,"href":"https:\/\/www.bvvb.org\/wp\/wp-json\/wp\/v2\/comments?post=1733"}],"version-history":[{"count":33,"href":"https:\/\/www.bvvb.org\/wp\/wp-json\/wp\/v2\/posts\/1733\/revisions"}],"predecessor-version":[{"id":1773,"href":"https:\/\/www.bvvb.org\/wp\/wp-json\/wp\/v2\/posts\/1733\/revisions\/1773"}],"wp:attachment":[{"href":"https:\/\/www.bvvb.org\/wp\/wp-json\/wp\/v2\/media?parent=1733"}],"wp:term":[{"taxonomy":"category","embeddable":true,"href":"https:\/\/www.bvvb.org\/wp\/wp-json\/wp\/v2\/categories?post=1733"},{"taxonomy":"post_tag","embeddable":true,"href":"https:\/\/www.bvvb.org\/wp\/wp-json\/wp\/v2\/tags?post=1733"}],"curies":[{"name":"wp","href":"https:\/\/api.w.org\/{rel}","templated":true}]}}