{"id":1777,"date":"2013-11-16T22:38:39","date_gmt":"2013-11-16T21:38:39","guid":{"rendered":"http:\/\/www.bvvb.org\/wp\/?p=1777"},"modified":"2013-11-17T00:24:16","modified_gmt":"2013-11-16T23:24:16","slug":"edito-novembre-2013","status":"publish","type":"post","link":"https:\/\/www.bvvb.org\/wp\/2013\/11\/16\/edito-novembre-2013\/","title":{"rendered":"Edito Novembre 2013"},"content":{"rendered":"<p>&nbsp;<\/p>\n<table>\n<tbody>\n<tr>\n<td width=\"33%\"><img decoding=\"async\" alt=\"\" src=\"http:\/\/www.bvvb.org\/wp\/wp-content\/uploads\/2011\/06\/gerard_tessier.jpg\" \/><\/td>\n<td width=\"34%\">\n<h1 style=\"text-align: center;\">HONTE A LA PUBLICITE<\/h1>\n<\/td>\n<td width=\"33%\"><img decoding=\"async\" alt=\"\" src=\"http:\/\/www.bvvb.org\/wp\/wp-content\/uploads\/2011\/06\/logo_bvvb_edito.jpg\" \/><\/td>\n<\/tr>\n<\/tbody>\n<\/table>\n<p>&nbsp;<\/p>\n<p>Au mois de juin, nous accueillions avec fiert\u00e9 le sculpture cr\u00e9\u00e9e par Monsieur TOTO qui ornait fi\u00e8rement l&#8217;entr\u00e9e de commune par le Centre Commercial.<\/p>\n<p>L&#8217;inauguration a \u00e9t\u00e9 \u00e0 la hauteur de l&#8217; \u00e9v\u00e9nement. Discours de notre Maire, du Sculpteur, pr\u00e9sence de notre Conseiller G\u00e9n\u00e9ral, Monsieur J\u00e9r\u00f4me CAUET, pr\u00e9sence de nombreux conseillers municipaux.<\/p>\n<p>Nous ne pouvions que f\u00e9liciter notre Municipalit\u00e9 d&#8217;embellir l&#8217;entr\u00e9e de notre commune, si souvent d\u00e9cri\u00e9e auparavant.<\/p>\n<p>Mais depuis le d\u00e9but novembre, qu&#8217;elle n&#8217;a pas \u00e9t\u00e9 notre indignation de voir une banni\u00e8re publicitaire vantant les services du Chrono Drive de Carrefour s&#8217;\u00e9riger sur le rond point. Nous avons imm\u00e9diatement r\u00e9agi aupr\u00e8s de notre Maire, en demandant \u00a0de faire enlever cette banni\u00e8re dans les plus brefs d\u00e9lais.<\/p>\n<p style=\"text-align: center;\">\u00a0 \u00a0 \u00a0 <a href=\"http:\/\/www.bvvb.org\/wp\/wp-content\/uploads\/2013\/11\/baniere_carrefour_belle_des_bois.jpg\"><img decoding=\"async\" class=\"aligncenter  wp-image-1785\" alt=\"baniere_carrefour_belle_des_bois\" src=\"http:\/\/www.bvvb.org\/wp\/wp-content\/uploads\/2013\/11\/baniere_carrefour_belle_des_bois.jpg\" width=\"332\" height=\"410\" srcset=\"https:\/\/www.bvvb.org\/wp\/wp-content\/uploads\/2013\/11\/baniere_carrefour_belle_des_bois.jpg 415w, https:\/\/www.bvvb.org\/wp\/wp-content\/uploads\/2013\/11\/baniere_carrefour_belle_des_bois-242x300.jpg 242w\" sizes=\"(max-width: 332px) 100vw, 332px\" \/><\/a>\u00a0 \u00a0Est-ce vraiment l&#8217;endroit pour vanter les services d&#8217;une grande enseigne. Notre Municipalit\u00e9 n&#8217;a t&#8217;elle pas sign\u00e9 une charte sur la publicit\u00e9 limitant les agressions visuelles? Pire, doit-on croire que notre Municipalit\u00e9 ait favoris\u00e9 cette d\u00e9marche?<\/p>\n<p>\u00a0 \u00a0 \u00a0 \u00a0 \u00a0Notre action a fait r\u00e9agir notre Municipalit\u00e9, puisque ce mercredi 13 novembre, cette banni\u00e8re a \u00e9t\u00e9 d\u00e9plac\u00e9e du rond-point, ne masquant plus notre statue.<\/p>\n<p style=\"text-align: center;\"><a href=\"http:\/\/www.bvvb.org\/wp\/wp-content\/uploads\/2013\/11\/bani\u00e8re_2.jpg\"><img decoding=\"async\" class=\"size-medium wp-image-1788\" alt=\"bani\u00e8re_2\" src=\"http:\/\/www.bvvb.org\/wp\/wp-content\/uploads\/2013\/11\/bani\u00e8re_2-225x300.jpg\" width=\"225\" height=\"300\" srcset=\"https:\/\/www.bvvb.org\/wp\/wp-content\/uploads\/2013\/11\/bani\u00e8re_2-225x300.jpg 225w, https:\/\/www.bvvb.org\/wp\/wp-content\/uploads\/2013\/11\/bani\u00e8re_2-675x900.jpg 675w, https:\/\/www.bvvb.org\/wp\/wp-content\/uploads\/2013\/11\/bani\u00e8re_2.jpg 750w\" sizes=\"(max-width: 225px) 100vw, 225px\" \/><\/a><a href=\"http:\/\/www.bvvb.org\/wp\/wp-content\/uploads\/2013\/11\/bani\u00e8re_4.jpg\"><img decoding=\"async\" class=\"size-medium wp-image-1790\" alt=\"bani\u00e8re_4\" src=\"http:\/\/www.bvvb.org\/wp\/wp-content\/uploads\/2013\/11\/bani\u00e8re_4-225x300.jpg\" width=\"225\" height=\"300\" srcset=\"https:\/\/www.bvvb.org\/wp\/wp-content\/uploads\/2013\/11\/bani\u00e8re_4-225x300.jpg 225w, https:\/\/www.bvvb.org\/wp\/wp-content\/uploads\/2013\/11\/bani\u00e8re_4-675x900.jpg 675w, https:\/\/www.bvvb.org\/wp\/wp-content\/uploads\/2013\/11\/bani\u00e8re_4.jpg 750w\" sizes=\"(max-width: 225px) 100vw, 225px\" \/><\/a><\/p>\n<p style=\"text-align: left;\">\n<p style=\"text-align: left;\">Bien sinc\u00e8rement \u00e0 vous,<\/p>\n<p style=\"text-align: right;\">G\u00e9rard TESSIER<\/p>\n<p style=\"text-align: right;\">Pr\u00e9sident BVVB novembre 2013<\/p>\n","protected":false},"excerpt":{"rendered":"<p>&nbsp; HONTE A LA PUBLICITE &nbsp; Au mois de juin, nous accueillions avec fiert\u00e9 le sculpture cr\u00e9\u00e9e par Monsieur TOTO qui ornait fi\u00e8rement l&#8217;entr\u00e9e de commune par le Centre Commercial. L&#8217;inauguration a \u00e9t\u00e9 \u00e0 la hauteur de l&#8217; \u00e9v\u00e9nement. Discours de notre Maire, du Sculpteur, pr\u00e9sence de notre Conseiller G\u00e9n\u00e9ral, Monsieur J\u00e9r\u00f4me CAUET, pr\u00e9sence de [&hellip;]<\/p>\n","protected":false},"author":2,"featured_media":0,"comment_status":"open","ping_status":"open","sticky":false,"template":"","format":"standard","meta":{"jetpack_post_was_ever_published":false,"_jetpack_newsletter_access":"","_jetpack_dont_email_post_to_subs":false,"_jetpack_newsletter_tier_id":0,"_jetpack_memberships_contains_paywalled_content":false,"_jetpack_memberships_contains_paid_content":false,"footnotes":"","jetpack_publicize_message":"","jetpack_publicize_feature_enabled":true,"jetpack_social_post_already_shared":false,"jetpack_social_options":{"image_generator_settings":{"template":"highway","default_image_id":0,"font":"","enabled":false},"version":2}},"categories":[5],"tags":[65],"class_list":["post-1777","post","type-post","status-publish","format-standard","hentry","category-edito","tag-edito"],"jetpack_publicize_connections":[],"jetpack_featured_media_url":"","jetpack_shortlink":"https:\/\/wp.me\/p4CAay-sF","jetpack_sharing_enabled":true,"post_mailing_queue_ids":[],"_links":{"self":[{"href":"https:\/\/www.bvvb.org\/wp\/wp-json\/wp\/v2\/posts\/1777","targetHints":{"allow":["GET"]}}],"collection":[{"href":"https:\/\/www.bvvb.org\/wp\/wp-json\/wp\/v2\/posts"}],"about":[{"href":"https:\/\/www.bvvb.org\/wp\/wp-json\/wp\/v2\/types\/post"}],"author":[{"embeddable":true,"href":"https:\/\/www.bvvb.org\/wp\/wp-json\/wp\/v2\/users\/2"}],"replies":[{"embeddable":true,"href":"https:\/\/www.bvvb.org\/wp\/wp-json\/wp\/v2\/comments?post=1777"}],"version-history":[{"count":8,"href":"https:\/\/www.bvvb.org\/wp\/wp-json\/wp\/v2\/posts\/1777\/revisions"}],"predecessor-version":[{"id":1793,"href":"https:\/\/www.bvvb.org\/wp\/wp-json\/wp\/v2\/posts\/1777\/revisions\/1793"}],"wp:attachment":[{"href":"https:\/\/www.bvvb.org\/wp\/wp-json\/wp\/v2\/media?parent=1777"}],"wp:term":[{"taxonomy":"category","embeddable":true,"href":"https:\/\/www.bvvb.org\/wp\/wp-json\/wp\/v2\/categories?post=1777"},{"taxonomy":"post_tag","embeddable":true,"href":"https:\/\/www.bvvb.org\/wp\/wp-json\/wp\/v2\/tags?post=1777"}],"curies":[{"name":"wp","href":"https:\/\/api.w.org\/{rel}","templated":true}]}}