{"id":3723,"date":"2021-07-01T18:31:44","date_gmt":"2021-07-01T16:31:44","guid":{"rendered":"https:\/\/www.bvvb.org\/wp\/?p=3723"},"modified":"2021-07-01T18:31:44","modified_gmt":"2021-07-01T16:31:44","slug":"edito-juin-2021","status":"publish","type":"post","link":"https:\/\/www.bvvb.org\/wp\/2021\/07\/01\/edito-juin-2021\/","title":{"rendered":"Edito Juin 2021"},"content":{"rendered":"\n<h3>A La Ville-du-Bois\u00a0<\/h3>\n<p><a href=\"https:\/\/www.bvvb.org\/wp\/?attachment_id=3733\" rel=\"attachment wp-att-3733\"><img decoding=\"async\" class=\"size-medium wp-image-3733 alignleft\" src=\"https:\/\/www.bvvb.org\/wp\/wp-content\/uploads\/2021\/06\/innondations-juin-21-245x300.jpg\" alt=\"\" width=\"245\" height=\"300\" srcset=\"https:\/\/www.bvvb.org\/wp\/wp-content\/uploads\/2021\/06\/innondations-juin-21-245x300.jpg 245w, https:\/\/www.bvvb.org\/wp\/wp-content\/uploads\/2021\/06\/innondations-juin-21-838x1024.jpg 838w, https:\/\/www.bvvb.org\/wp\/wp-content\/uploads\/2021\/06\/innondations-juin-21-768x939.jpg 768w, https:\/\/www.bvvb.org\/wp\/wp-content\/uploads\/2021\/06\/innondations-juin-21-1256x1536.jpg 1256w, https:\/\/www.bvvb.org\/wp\/wp-content\/uploads\/2021\/06\/innondations-juin-21-1675x2048.jpg 1675w\" sizes=\"(max-width: 245px) 100vw, 245px\" \/><\/a><\/p>\n<p>L&#8217;actualit\u00e9 de Juin a \u00e9t\u00e9 marqu\u00e9e par les nombreux orages, et des inondations rarement vues sur la commune.<br \/>L&#8217;eau a envahi la Grande Rue le 4 juin et le 19 juin.\u00a0<\/p>\n<p>La RN20 a \u00e9t\u00e9 ferm\u00e9e pendant 24h.<\/p>\n<p>Le rond-point de Carrefour \u00e9tait inond\u00e9 aussi, et est rest\u00e9 macul\u00e9 de terre.<\/p>\n<p>L&#8217;\u00e9tat de catastrophe naturelle a \u00e9t\u00e9 d\u00e9cr\u00e9t\u00e9 sur la commune.\u00a0<\/p>\n<p>Cela ne va pas arranger la pollution des rivi\u00e8res alors que les 4 gestionnaires de rivi\u00e8res de l&#8217;Essonne ont adress\u00e9 un courrier \u00e0 la ministre de la Transition \u00e9cologique afin de l\u2019alerter sur les probl\u00e8mes de \u00abpetites pollutions\u00bb de cours d\u2019eau. Ils esp\u00e8rent la mise en place de proc\u00e9dures simplifi\u00e9es et attendent de r\u00e9elles sanctions financi\u00e8res.(cf <a href=\"https:\/\/www.leparisien.fr\/essonne-91\/environnement-en-essonne-les-gestionnaires-de-rivieres-en-guerre-contre-les-petites-pollutions-28-06-2021-2ACDHTULMZF37GIBAC7CCOIJB4.php\" target=\"_blank\" rel=\"noopener\">Le Parisien<\/a>)<\/p>\n<p>\u00a0<\/p>\n<p>Esp\u00e9rons que cela incitera notre municipalit\u00e9 \u00e0 am\u00e9liorer la gestion des cours d&#8217;eau officiellement r\u00e9pertori\u00e9s sur la commune (source G\u00e9oportail, cours d&#8217;eau BCAE 2021, image de gauche ci-dessous) , et notamment la propret\u00e9 de la mare de Beaulieu travers\u00e9e par le Ru de Gaillard . A noter aussi que les risques inondations sur la commune sont connus et r\u00e9pertori\u00e9s sur www.georisques.gouv.fr (image de droite ci-dessous)<\/p>\n\n\n\n<div class=\"wp-block-jetpack-tiled-gallery aligncenter is-style-rectangular\"><div class=\"tiled-gallery__gallery\"><div class=\"tiled-gallery__row\"><div class=\"tiled-gallery__col\" style=\"flex-basis:50.07399%\"><figure class=\"tiled-gallery__item\"><img decoding=\"async\" srcset=\"https:\/\/i2.wp.com\/www.bvvb.org\/wp\/wp-content\/uploads\/2021\/07\/BCAE-2021-LVDB.png?strip=info&#038;w=600&#038;ssl=1 600w,https:\/\/i2.wp.com\/www.bvvb.org\/wp\/wp-content\/uploads\/2021\/07\/BCAE-2021-LVDB.png?strip=info&#038;w=697&#038;ssl=1 697w\" alt=\"\" data-height=\"787\" data-id=\"3744\" data-link=\"https:\/\/www.bvvb.org\/wp\/?attachment_id=3744\" data-url=\"https:\/\/www.bvvb.org\/wp\/wp-content\/uploads\/2021\/07\/BCAE-2021-LVDB.png\" data-width=\"697\" src=\"https:\/\/i2.wp.com\/www.bvvb.org\/wp\/wp-content\/uploads\/2021\/07\/BCAE-2021-LVDB.png?ssl=1\" data-amp-layout=\"responsive\"\/><\/figure><\/div><div class=\"tiled-gallery__col\" style=\"flex-basis:49.92601%\"><figure class=\"tiled-gallery__item\"><img decoding=\"async\" srcset=\"https:\/\/i0.wp.com\/www.bvvb.org\/wp\/wp-content\/uploads\/2021\/07\/georisquelvdb.png?strip=info&#038;w=468&#038;ssl=1 468w\" alt=\"\" data-height=\"530\" data-id=\"3745\" data-link=\"https:\/\/www.bvvb.org\/wp\/?attachment_id=3745\" data-url=\"https:\/\/www.bvvb.org\/wp\/wp-content\/uploads\/2021\/07\/georisquelvdb.png\" data-width=\"468\" src=\"https:\/\/i0.wp.com\/www.bvvb.org\/wp\/wp-content\/uploads\/2021\/07\/georisquelvdb.png?ssl=1\" data-amp-layout=\"responsive\"\/><\/figure><\/div><\/div><\/div><\/div>\n\n\n\n<p>\u00a0<\/p>\n<p>\u00a0<\/p>\n\n\n\n<p><a href=\"https:\/\/www.bvvb.org\/wp\/?attachment_id=3740\" rel=\"attachment wp-att-3740\"><img decoding=\"async\" class=\"size-medium wp-image-3740 alignright\" src=\"https:\/\/www.bvvb.org\/wp\/wp-content\/uploads\/2021\/07\/camions-2-300x300.jpg\" alt=\"\" width=\"300\" height=\"300\" srcset=\"https:\/\/www.bvvb.org\/wp\/wp-content\/uploads\/2021\/07\/camions-2-300x300.jpg 300w, https:\/\/www.bvvb.org\/wp\/wp-content\/uploads\/2021\/07\/camions-2-1024x1024.jpg 1024w, https:\/\/www.bvvb.org\/wp\/wp-content\/uploads\/2021\/07\/camions-2-150x150.jpg 150w, https:\/\/www.bvvb.org\/wp\/wp-content\/uploads\/2021\/07\/camions-2-768x768.jpg 768w, https:\/\/www.bvvb.org\/wp\/wp-content\/uploads\/2021\/07\/camions-2-1536x1536.jpg 1536w, https:\/\/www.bvvb.org\/wp\/wp-content\/uploads\/2021\/07\/camions-2-2048x2048.jpg 2048w\" sizes=\"(max-width: 300px) 100vw, 300px\" \/><\/a>Sur la RN20 circulent toujours de nombreux camions, qui ne font pas que de la desserte locale.<br \/>A titre d&#8217;exemple, le 21 juin, un lundi, 8 ont \u00e9t\u00e9 crois\u00e9s en 7mn .<\/p>\n<p>C&#8217;est un point que nous avons \u00e9voqu\u00e9 avec Marie-Pierre RIXAIN rencontr\u00e9e \u00e0 l&#8217;invitation de l&#8217;association A10 gratuite le 8 juin. L&#8217;objectif \u00e9tait de pr\u00e9parer une question au gouvernement concernant la gratuit\u00e9 des autoroutes en Ile-de-France.<br \/>On trouvera en lien <a href=\"https:\/\/questions.assemblee-nationale.fr\/q15\/15-1505QOSD.htm\" target=\"_blank\" rel=\"noopener\">la question orale pos\u00e9e par Mme RIXAIN<\/a>.<\/p>\n<blockquote>\n<p>En voici quelques extraits :<\/p>\n<p>&#8220;Alors que l&#8217;usage des autoroutes franciliennes est gratuit jusqu&#8217;\u00e0 50 kilom\u00e8tres de Paris, celui de l&#8217;A10 est payant \u00e0 23 kilom\u00e8tres de la capitale, \u00e0 partir du p\u00e9age de Saint-Arnoult, \u00e0 hauteur de Dourdan en Essonne. La somme \u00e0 acquitter, d&#8217;un montant d&#8217;un euro et soixante-dix centimes, repr\u00e9sente un co\u00fbt important pour les usagers effectuant quotidiennement un trajet domicile-travail : on l&#8217;estime \u00e0 1 300 euros par an pour une voiture.&#8221;<\/p>\n<p>&#8220;Les \u00e9tudes men\u00e9es entre 2009 et 2011 par le conseil d\u00e9partemental de l&#8217;Essonne ont montr\u00e9 que jusqu&#8217;\u00e0 50 % du trafic sur le r\u00e9seau secondaire provient de l&#8217;A10. Autoroute payante, r\u00e9seau secondaire satur\u00e9, transports collectifs insuffisants, nuisances sonores, pollution atmosph\u00e9rique, communes coup\u00e9es en deux par le trafic (Ballainvilliers, la Ville du Bois, Linas, Montlh\u00e9ry&#8230;) et voieries dangereuses : on ne peut se satisfaire de la situation actuelle. Alors que l&#8217;expiration prochaine des concessions autorouti\u00e8res commence \u00e0 se dessiner, il faut se saisir de ce d\u00e9bat pour faire des territoires p\u00e9riurbains la priorit\u00e9 de l&#8217;action publique. Aussi, sans revenir sur les arguments usuels d\u00e9j\u00e0 expos\u00e9s jusque-l\u00e0 (limitation de l&#8217;augmentation des tarifs, abonnement pr\u00e9f\u00e9rentiel pour les usagers r\u00e9guliers&#8230;), quelles solutions nouvelles peuvent \u00eatre apport\u00e9es pour faciliter la mobilit\u00e9 quotidienne dans cette partie de l&#8217;\u00cele-de-France tout en y am\u00e9liorant le cadre de vie ? Elle lui demande son avis sur le sujet.&#8221;<\/p>\n<\/blockquote>\n<p>\u00a0<\/p>\n<h3>Vu sur la toile en Juin<\/h3>\n<p>\u00a0&#8211; le retour des trains de nuit : Le journal Le Monde annon\u00e7ait le 13 mai <a href=\"https:\/\/www.lemonde.fr\/economie\/article\/2021\/05\/20\/trois-ans-apres-sa-suppression-le-train-de-nuit-paris-nice-fait-son-retour_6080824_3234.html\" target=\"_blank\" rel=\"noopener\">le retour du train Paris-Nice<\/a><\/p>\n<p>\u00a0&#8211; l&#8217;Institut des Politiques Publiques a publi\u00e9 une note sur <a href=\"https:\/\/www.ipp.eu\/publication\/mai-2021-vaut-il-mieux-rester-isole-analyse-des-couts-lies-a-la-cooperation-intercommunale\/\" target=\"_blank\" rel=\"noopener\">l&#8217;int\u00e9r\u00eat financier pour les communes \u00e0 \u00eatre dans une intercommunalit\u00e9<\/a> dont voici les points cl\u00e9s :<\/p>\n\n\n\n<blockquote class=\"wp-block-quote is-layout-flow wp-block-quote-is-layout-flow\"><p>Les communes contraintes de rejoindre une intercommunalit\u00e9 apr\u00e8s la loi de 2010 ont connu une hausse annuelle de 12,5 % du nombre de permis de construire d\u00e9livr\u00e9s sur leur territoire. Cette hausse des constructions a lieu principalement dans les communes urbaines o\u00f9 la demande de logements est forte.<\/p><p>Les communes rurales oblig\u00e9es de s\u2019int\u00e9grer ont subi une perte de services publics de proximit\u00e9 : le nombre de places en cr\u00e8ches et de biblioth\u00e8ques municipales a baiss\u00e9 d\u2019environ 20 % suite \u00e0 leur int\u00e9gration.<\/p><p>Alors que les communes contraintes de s\u2019int\u00e9grer sont les seules \u00e0 avoir subi de telles cons\u00e9quences, elles ont b\u00e9n\u00e9fici\u00e9 des m\u00eames avantages que les communes s\u2019\u00e9tant int\u00e9gr\u00e9es volontairement avant la loi : elles sont devenues deux fois plus susceptibles d\u2019avoir acc\u00e8s aux transports publics et ont connu une augmentation annuelle de 14,5% de leurs recettes fiscales.<\/p><p>L\u2019opposition des communes \u00e0 l\u2019intercommunalit\u00e9 est attribuable aux cons\u00e9quences locales de l\u2019int\u00e9gration, au-del\u00e0 des seules consid\u00e9rations id\u00e9ologiques ou politiques<\/p><\/blockquote>\n\n\n\n<p>\u00a0&#8211; Depuis le 1er Juin, les v\u00e9hicules ayant des vignettes Crit&#8217;Air 4 , 5 et non class\u00e9s ont interdiction de circuler entre 8h et 20h dans la zone de faible \u00e9mission du Grand Paris<a href=\"https:\/\/www.bvvb.org\/wp\/?attachment_id=3727\" rel=\"attachment wp-att-3727\"><img decoding=\"async\" class=\"aligncenter wp-image-3727\" src=\"https:\/\/www.bvvb.org\/wp\/wp-content\/uploads\/2021\/06\/ZFE-grand-paris.png\" alt=\"\" width=\"494\" height=\"459\" srcset=\"https:\/\/www.bvvb.org\/wp\/wp-content\/uploads\/2021\/06\/ZFE-grand-paris.png 869w, https:\/\/www.bvvb.org\/wp\/wp-content\/uploads\/2021\/06\/ZFE-grand-paris-300x280.png 300w\" sizes=\"(max-width: 494px) 100vw, 494px\" \/><\/a><\/p>\n<p>&#8211; un article de Reporterre propose une <a href=\"https:\/\/reporterre.net\/Dans-les-regions-pourquoi-voter-pour-des-institutions-devenues-inaccessibles\" target=\"_blank\" rel=\"noopener\">analyse de la forte abstention observ\u00e9e lors de \u00e9lections<\/a> r\u00e9gionales et d\u00e9partementales : en cause , l&#8217;organisation des administrations territoriales autour de m\u00e9tropoles, et la disparition des services de proximit\u00e9 dans les communes rurales. Sur certains points , comme la d\u00e9sertification m\u00e9dicale, la restriction des ouvertures du bureau de poste, la dilution des comp\u00e9tences entre notre commune, la communaut\u00e9 Paris-Saclay, Le Grand Paris, le d\u00e9partement, la R\u00e9gion et parfois l&#8217;Etat les urbisylvains peuvent aussi \u00eatre d\u00e9sorient\u00e9s.\u00a0<\/p>\n","protected":false},"excerpt":{"rendered":"<p>A La Ville-du-Bois\u00a0 L&#8217;actualit\u00e9 de Juin a \u00e9t\u00e9 marqu\u00e9e par les nombreux orages, et des inondations rarement vues sur la commune.L&#8217;eau a envahi la Grande Rue le 4 juin et le 19 juin.\u00a0 La RN20 a \u00e9t\u00e9 ferm\u00e9e pendant 24h. Le rond-point de Carrefour \u00e9tait inond\u00e9 aussi, et est rest\u00e9 macul\u00e9 de terre. L&#8217;\u00e9tat de [&hellip;]<\/p>\n","protected":false},"author":6,"featured_media":0,"comment_status":"open","ping_status":"open","sticky":false,"template":"","format":"standard","meta":{"jetpack_post_was_ever_published":false,"_jetpack_newsletter_access":"","_jetpack_dont_email_post_to_subs":false,"_jetpack_newsletter_tier_id":0,"_jetpack_memberships_contains_paywalled_content":false,"_jetpack_memberships_contains_paid_content":false,"footnotes":"","jetpack_publicize_message":"","jetpack_publicize_feature_enabled":true,"jetpack_social_post_already_shared":true,"jetpack_social_options":{"image_generator_settings":{"template":"highway","default_image_id":0,"font":"","enabled":false},"version":2}},"categories":[17,5,7],"tags":[],"class_list":["post-3723","post","type-post","status-publish","format-standard","hentry","category-ca-nous-concerne","category-edito","category-notreville"],"jetpack_publicize_connections":[],"jetpack_featured_media_url":"","jetpack_shortlink":"https:\/\/wp.me\/p4CAay-Y3","jetpack_sharing_enabled":true,"post_mailing_queue_ids":[],"_links":{"self":[{"href":"https:\/\/www.bvvb.org\/wp\/wp-json\/wp\/v2\/posts\/3723","targetHints":{"allow":["GET"]}}],"collection":[{"href":"https:\/\/www.bvvb.org\/wp\/wp-json\/wp\/v2\/posts"}],"about":[{"href":"https:\/\/www.bvvb.org\/wp\/wp-json\/wp\/v2\/types\/post"}],"author":[{"embeddable":true,"href":"https:\/\/www.bvvb.org\/wp\/wp-json\/wp\/v2\/users\/6"}],"replies":[{"embeddable":true,"href":"https:\/\/www.bvvb.org\/wp\/wp-json\/wp\/v2\/comments?post=3723"}],"version-history":[{"count":21,"href":"https:\/\/www.bvvb.org\/wp\/wp-json\/wp\/v2\/posts\/3723\/revisions"}],"predecessor-version":[{"id":3751,"href":"https:\/\/www.bvvb.org\/wp\/wp-json\/wp\/v2\/posts\/3723\/revisions\/3751"}],"wp:attachment":[{"href":"https:\/\/www.bvvb.org\/wp\/wp-json\/wp\/v2\/media?parent=3723"}],"wp:term":[{"taxonomy":"category","embeddable":true,"href":"https:\/\/www.bvvb.org\/wp\/wp-json\/wp\/v2\/categories?post=3723"},{"taxonomy":"post_tag","embeddable":true,"href":"https:\/\/www.bvvb.org\/wp\/wp-json\/wp\/v2\/tags?post=3723"}],"curies":[{"name":"wp","href":"https:\/\/api.w.org\/{rel}","templated":true}]}}